{"id":88479,"date":"2023-11-30T12:51:10","date_gmt":"2023-11-30T11:51:10","guid":{"rendered":"https:\/\/www.esmuc.cat\/ausencias-y-significados-en-las-vi-jornades-ab-sentits-call-for-papers\/"},"modified":"2024-03-07T14:43:27","modified_gmt":"2024-03-07T13:43:27","slug":"ausencias-y-significados-en-las-vi-jornades-ab-sentits","status":"publish","type":"post","link":"https:\/\/www.esmuc.cat\/es\/ausencias-y-significados-en-las-vi-jornades-ab-sentits\/","title":{"rendered":"Ausencias y significados en las VI Jornades ab Sentits"},"content":{"rendered":"\n<div style=\"height:13px\" aria-hidden=\"true\" class=\"wp-block-spacer\"><\/div>\n\n\n\n<h2 class=\"wp-block-heading\">Ausencias y significados en la 6a edici\u00f3n de las Jornades ab Sentits<\/h2>\n\n\n\n<div style=\"height:40px\" aria-hidden=\"true\" class=\"wp-block-spacer\"><\/div>\n\n\n<figure class=\"wp-block-post-featured-image\"><img decoding=\"async\" width=\"1920\" height=\"1080\" src=\"https:\/\/www.esmuc.cat\/wp-content\/uploads\/2023\/11\/Jornades-ab-Sentits-2023.jpg\" class=\"attachment-post-thumbnail size-post-thumbnail wp-post-image\" alt=\"Jornades-ab-Sentits-2023\" style=\"object-fit:cover;\" srcset=\"https:\/\/www.esmuc.cat\/wp-content\/uploads\/2023\/11\/Jornades-ab-Sentits-2023.jpg 1920w, https:\/\/www.esmuc.cat\/wp-content\/uploads\/2023\/11\/Jornades-ab-Sentits-2023-300x169.jpg 300w, https:\/\/www.esmuc.cat\/wp-content\/uploads\/2023\/11\/Jornades-ab-Sentits-2023-1024x576.jpg 1024w, https:\/\/www.esmuc.cat\/wp-content\/uploads\/2023\/11\/Jornades-ab-Sentits-2023-768x432.jpg 768w, https:\/\/www.esmuc.cat\/wp-content\/uploads\/2023\/11\/Jornades-ab-Sentits-2023-1536x864.jpg 1536w\" sizes=\"(max-width: 1920px) 100vw, 1920px\" title=\"Jornades-ab-Sentits-2023\" \/><\/figure>\n\n\n<div id=\"section-gd61a91\" class=\"wp-block-gutentor-e1 section-gd61a91 gutentor-element gutentor-element-advanced-text\"><div class=\"gutentor-text-wrap\"><p class=\"gutentor-text\">El pianista y music\u00f3logo griego&nbsp;George-Julius Papadopoulos, invitado a las anteriores jornadas, imparti\u00f3 una ponencia sobre el humor en la m\u00fasica cl\u00e1sica<\/p><\/div><\/div>\n\n\n\n<section id=\"gm623b92e\" class=\"wp-block-gutentor-m3 section-gm623b92e gutentor-module gutentor-container-cover\"><div class=\"grid-container\">\n<p>Los d\u00edas 14, 15 y 16 de marzo de 2024, la ESMUC acoger\u00e1 la sexta edici\u00f3n de las <strong>Jornades ab Sentits<\/strong>. En esta ocasi\u00f3n, las comunicaciones tendr\u00e1n como hilo conductor el lema <em><strong>Ausencias y Significados<\/strong><\/em>.<\/p>\n\n\n\n<p>Para estas nuevas Jornadas de 2024 hemos invitado a <strong>Ma\u0142gorzata Paw\u0142owska<\/strong>, una experta en narrativa musical de la universidad de Cracovia. Tambi\u00e9n comtaremos con recitales comentados y con la participaci\u00f3n del maestro <strong>Antoni Ros-Marb\u00e0<\/strong>, que compartir\u00e1 sus proyectos m\u00e1s recientes con los asistentes. Sin embargo, como cada a\u00f1o, el formato preferente ser\u00e1 el de la comunicaci\u00f3n.<\/p>\n<\/div><\/section>\n\n\n\n<div style=\"height:19px\" aria-hidden=\"true\" class=\"wp-block-spacer\"><\/div>\n\n\n\n<div id=\"section-gba01d5\" class=\"wp-block-gutentor-e2 section-gba01d5 gutentor-element gutentor-element-button\"><span class=\"gutentor-button-wrap\"><a class=\"gutentor-button gutentor-block-button gutentor-icon-hide\" href=\"https:\/\/www.esmuc.cat\/wp-content\/uploads\/2024\/03\/Jornades-ab-sentits-VI-Programa-castella.pdf\"><i class=\"gutentor-button-icon fas fa-book\"><\/i><span>Programa de las VI Jornadas ab Sentits<\/span><\/a><\/span><\/div>\n\n\n\n<div id=\"section-gb042f5\" class=\"wp-block-gutentor-e2 section-gb042f5 gutentor-element gutentor-element-button\"><span class=\"gutentor-button-wrap\"><a class=\"gutentor-button gutentor-block-button gutentor-icon-hide\" href=\"https:\/\/forms.office.com\/pages\/responsepage.aspx?id=MziA2ZQOU0WslHunsTY0a8BvejU0ygdEoWcfoWegRVNUN0U5SzBDTEpPTlhNQkxJQk9YNDZTUkpHMS4u\"><i class=\"gutentor-button-icon fas fa-book\"><\/i><span>Inscripci\u00f3n a las VI Jornadas ab Sentits<\/span><\/a><\/span><\/div>\n\n\n\n<section id=\"gm0cc8aca\" class=\"wp-block-gutentor-m3 section-gm0cc8aca gutentor-module gutentor-container-cover has-color-bg has-custom-bg d-none\"><div class=\"grid-container\">\n<div id=\"section-g566f1c\" class=\"wp-block-gutentor-e7 section-g566f1c gutentor-element gutentor-element-list\"><ul class=\"grid-row gutentor-grid-item-wrap list-indicator-icon\"><li class=\"gutentor-list-item grid-lg-12 grid-md-12 grid-12\"><span class=\"gutentor-single-item gutentor-single-item-0\"><span class=\"gutentor-list-item-wrap g-s-list-wrap\"><span class=\"gutentor-single-list-item-icon\"><i class=\"list-item-icon fas fa-chevron-right\"><\/i><\/span><span class=\"gutentor-list-item\"><p class=\"gutentor-single-item-title\">La convocat\u00f2ria est\u00e0 oberta a estudiants, professorat, comunitat d&#8217;alumni, i tamb\u00e9 a persones externes a l\u2019Escola.<\/p><\/span><\/span><\/span><\/li><li class=\"gutentor-list-item grid-lg-12 grid-md-12 grid-12\"><span class=\"gutentor-single-item gutentor-single-item-1\"><span class=\"gutentor-list-item-wrap g-s-list-wrap\"><span class=\"gutentor-single-list-item-icon\"><i class=\"list-item-icon fas fa-chevron-right\"><\/i><\/span><span class=\"gutentor-list-item\"><p class=\"gutentor-single-item-title\">Es poden enviar propostes de comunicaci\u00f3 de 20 minuts (m\u00e9s 10 min. de comentaris i preguntes) que tinguin alguna relaci\u00f3 amb la m\u00fasica com a missatge o amb la m\u00fasica amb sentits. Tamb\u00e9 breus recitals comentats de 30 minuts.<\/p><\/span><\/span><\/span><\/li><li class=\"gutentor-list-item grid-lg-12 grid-md-12 grid-12\"><span class=\"gutentor-single-item gutentor-single-item-2\"><span class=\"gutentor-list-item-wrap g-s-list-wrap\"><span class=\"gutentor-single-list-item-icon\"><i class=\"list-item-icon fas fa-chevron-right\"><\/i><\/span><span class=\"gutentor-list-item\"><p class=\"gutentor-single-item-title\">La proposta ha de contenir un resum d\u2019aproximadament 500 paraules, cinc paraules clau, i un breu curr\u00edculum de fins a 150 paraules. A m\u00e9s del catal\u00e0 i del castell\u00e0, l\u2019Escola i les Jornades volen afavorir la pres\u00e8ncia de l\u2019angl\u00e8s.<\/p><\/span><\/span><\/span><\/li><li class=\"gutentor-list-item grid-lg-12 grid-md-12 grid-12\"><span class=\"gutentor-single-item gutentor-single-item-3\"><span class=\"gutentor-list-item-wrap g-s-list-wrap\"><span class=\"gutentor-single-list-item-icon\"><i class=\"list-item-icon fas fa-chevron-right\"><\/i><\/span><span class=\"gutentor-list-item\"><p class=\"gutentor-single-item-title\">Cal enviar les propostes, en format word, al correu electr\u00f2nic jornadesabsentits@esmuc.cat abans del dia 12 de febrer de 2024.<\/p><\/span><\/span><\/span><\/li><li class=\"gutentor-list-item grid-lg-12 grid-md-12 grid-12\"><span class=\"gutentor-single-item gutentor-single-item-4\"><span class=\"gutentor-list-item-wrap g-s-list-wrap\"><span class=\"gutentor-single-list-item-icon\"><i class=\"list-item-icon fas fa-chevron-right\"><\/i><\/span><span class=\"gutentor-list-item\"><p class=\"gutentor-single-item-title\">El comit\u00e8 cient\u00edfic escollir\u00e0 entre totes propostes, i notificar\u00e0 la seva decisi\u00f3 a la persona interessada.<\/p><\/span><\/span><\/span><\/li><\/ul><\/div>\n<\/div><\/section>\n\n\n\n<section id=\"gm1cf7ff1\" class=\"wp-block-gutentor-m3 section-gm1cf7ff1 gutentor-module gutentor-container-cover has-color-bg has-custom-bg\"><div class=\"grid-container\">\n<p>Las jornadas se retransmitir\u00e1n en <em>streaming <\/em>a trav\u00e9s del canal YouTube de la ESMUC.<\/p>\n\n\n\n<p><\/p>\n\n\n\n<div id=\"section-g5507e9\" class=\"wp-block-gutentor-e7 section-g5507e9 gutentor-element gutentor-element-list\"><ul class=\"grid-row gutentor-grid-item-wrap list-indicator-icon\"><li class=\"gutentor-list-item grid-lg-12 grid-md-12 grid-12\"><span class=\"gutentor-single-item gutentor-single-item-0\"><span class=\"gutentor-list-item-wrap g-s-list-wrap\"><span class=\"gutentor-single-list-item-icon\"><i class=\"list-item-icon fas fa-angle-right\"><\/i><\/span><span class=\"gutentor-list-item\"><p class=\"gutentor-single-item-title\"><a href=\"https:\/\/youtube.com\/live\/Tv2d2dMDh_Q?feature=share\">Sesi\u00f3n 1: jueves14 (tarde)<\/a><\/p><\/span><\/span><\/span><\/li><li class=\"gutentor-list-item grid-lg-12 grid-md-12 grid-12\"><span class=\"gutentor-single-item gutentor-single-item-1\"><span class=\"gutentor-list-item-wrap g-s-list-wrap\"><span class=\"gutentor-single-list-item-icon\"><i class=\"list-item-icon fas fa-angle-right\"><\/i><\/span><span class=\"gutentor-list-item\"><p class=\"gutentor-single-item-title\"><a href=\"https:\/\/youtube.com\/live\/TXbHeTt5KjY?feature=share\">Sesi\u00f3n 2: viernes 15 (ma\u00f1ana)<\/a><\/p><\/span><\/span><\/span><\/li><li class=\"gutentor-list-item grid-lg-12 grid-md-12 grid-12\"><span class=\"gutentor-single-item gutentor-single-item-2\"><span class=\"gutentor-list-item-wrap g-s-list-wrap\"><span class=\"gutentor-single-list-item-icon\"><i class=\"list-item-icon fas fa-angle-right\"><\/i><\/span><span class=\"gutentor-list-item\"><p class=\"gutentor-single-item-title\"><a href=\"https:\/\/youtube.com\/live\/qy5LY4yzu4o?feature=share\">Sesi\u00f3n 3: viernes 15 (tarde)<\/a><\/p><\/span><\/span><\/span><\/li><li class=\"gutentor-list-item grid-lg-12 grid-md-12 grid-12\"><span class=\"gutentor-single-item gutentor-single-item-3\"><span class=\"gutentor-list-item-wrap g-s-list-wrap\"><span class=\"gutentor-single-list-item-icon\"><i class=\"list-item-icon fas fa-angle-right\"><\/i><\/span><span class=\"gutentor-list-item\"><p class=\"gutentor-single-item-title\"><a href=\"https:\/\/youtube.com\/live\/_Qydz8XNvlo?feature=share\">Sesi\u00f3n 4: s\u00e1bado 16 (ma\u00f1ana)<\/a><\/p><\/span><\/span><\/span><\/li><\/ul><\/div>\n<\/div><\/section>\n\n\n\n<div style=\"height:30px\" aria-hidden=\"true\" class=\"wp-block-spacer\"><\/div>\n\n\n\n<p>Las Jornadas ab Sentits est\u00e1n organizadas por los profesores Rolf B\u00e4cker, Joan Grimalt y Marc Heilbron.<\/p>\n\n\n\n<div style=\"height:60px\" aria-hidden=\"true\" class=\"wp-block-spacer\"><\/div>\n\n\n\n<hr class=\"wp-block-separator has-css-opacity is-style-wide\"\/>\n","protected":false},"excerpt":{"rendered":"<p>La sexta edici\u00f3n de las Jornades ab Sentits (del 14 al 16 de marzo de 2024) tendr\u00e1 como hilo conductor el lema &#8220;Ausencias y Significados&#8221;.<\/p>\n","protected":false},"author":4,"featured_media":88007,"comment_status":"closed","ping_status":"open","sticky":false,"template":"","format":"standard","meta":{"_acf_changed":false,"_themeisle_gutenberg_block_has_review":false,"footnotes":""},"categories":[1647,1078,1080,1081],"tags":[1274,1172],"class_list":["post-88479","post","type-post","status-publish","format-standard","has-post-thumbnail","hentry","category-2023-2024-es","category-activitats-extracurriculars-es","category-jornades-i-tallers-es","category-noticia-es","tag-jornades-es","tag-musicologia-es"],"acf":[],"gutentor_comment":0,"publishpress_future_action":{"enabled":false,"date":"2026-05-06 06:32:48","action":"change-status","newStatus":"draft","terms":[],"taxonomy":"category","extraData":[]},"publishpress_future_workflow_manual_trigger":{"enabledWorkflows":[]},"_links":{"self":[{"href":"https:\/\/www.esmuc.cat\/es\/wp-json\/wp\/v2\/posts\/88479","targetHints":{"allow":["GET"]}}],"collection":[{"href":"https:\/\/www.esmuc.cat\/es\/wp-json\/wp\/v2\/posts"}],"about":[{"href":"https:\/\/www.esmuc.cat\/es\/wp-json\/wp\/v2\/types\/post"}],"author":[{"embeddable":true,"href":"https:\/\/www.esmuc.cat\/es\/wp-json\/wp\/v2\/users\/4"}],"replies":[{"embeddable":true,"href":"https:\/\/www.esmuc.cat\/es\/wp-json\/wp\/v2\/comments?post=88479"}],"version-history":[{"count":12,"href":"https:\/\/www.esmuc.cat\/es\/wp-json\/wp\/v2\/posts\/88479\/revisions"}],"predecessor-version":[{"id":92806,"href":"https:\/\/www.esmuc.cat\/es\/wp-json\/wp\/v2\/posts\/88479\/revisions\/92806"}],"wp:featuredmedia":[{"embeddable":true,"href":"https:\/\/www.esmuc.cat\/es\/wp-json\/wp\/v2\/media\/88007"}],"wp:attachment":[{"href":"https:\/\/www.esmuc.cat\/es\/wp-json\/wp\/v2\/media?parent=88479"}],"wp:term":[{"taxonomy":"category","embeddable":true,"href":"https:\/\/www.esmuc.cat\/es\/wp-json\/wp\/v2\/categories?post=88479"},{"taxonomy":"post_tag","embeddable":true,"href":"https:\/\/www.esmuc.cat\/es\/wp-json\/wp\/v2\/tags?post=88479"}],"curies":[{"name":"wp","href":"https:\/\/api.w.org\/{rel}","templated":true}]}}