{"id":80910,"date":"2023-05-25T18:19:28","date_gmt":"2023-05-25T16:19:28","guid":{"rendered":"https:\/\/www.esmuc.cat\/modificaciones-del-horario-de-apertura-en-verano\/"},"modified":"2023-05-25T18:21:32","modified_gmt":"2023-05-25T16:21:32","slug":"modificaciones-del-horario-de-apertura-en-verano","status":"publish","type":"post","link":"https:\/\/www.esmuc.cat\/es\/modificaciones-del-horario-de-apertura-en-verano\/","title":{"rendered":"Modificaciones del horario de apertura en verano"},"content":{"rendered":"\n<h2 class=\"wp-block-heading\">Modificaciones del horario de apertura en verano<\/h2>\n\n\n\n<p><\/p>\n\n\n\n<div class=\"wp-block-columns is-layout-flex wp-container-core-columns-is-layout-9d6595d7 wp-block-columns-is-layout-flex\">\n<div class=\"wp-block-column is-layout-flow wp-block-column-is-layout-flow\">\n<div id=\"section-ge5dc94\" class=\"wp-block-gutentor-e6 section-ge5dc94 gutentor-element gutentor-element-image\"><div class=\"gutentor-element-image-box\"><div class=\"gutentor-image-thumb\"><img decoding=\"async\" class=\"normal-image\" src=\"https:\/\/www.esmuc.cat\/wp-content\/uploads\/2023\/03\/DSC_0214-1-scaled.jpg\" alt=\"Dsc 0214 1\" \/><\/div><\/div><\/div>\n<\/div>\n\n\n\n<div class=\"wp-block-column is-layout-flow wp-block-column-is-layout-flow\">\n<p>Queda poco por terminar el curso y se va acercando el verano, y como cada a\u00f1o por estas fechas, la biblioteca-CRAI modifica su horario de apertura.<\/p>\n\n\n\n<div style=\"height:40px\" aria-hidden=\"true\" class=\"wp-block-spacer\"><\/div>\n\n\n\n<p><strong>Hasta el viernes 16 de junio<\/strong> , la biblioteca estar\u00e1 abierta en su horario habitual, de <strong>10 a 19h<\/strong> . <\/p>\n\n\n\n<p>Desde el <strong>19 de junio hasta el 14 de julio<\/strong> , el horario ser\u00e1 de <strong>10 a 15h<\/strong> .<\/p>\n\n\n\n<p>La biblioteca permanecer\u00e1 <strong>cerrada<\/strong> desde el <strong>17 de julio hasta el 1 de septiembre<\/strong> .<\/p>\n\n\n\n<p>A partir del <strong>4 de septiembre<\/strong> , se volver\u00e1 al horario habitual, de <strong>10 a 19h<\/strong> .<\/p>\n\n\n\n<div style=\"height:40px\" aria-hidden=\"true\" class=\"wp-block-spacer\"><\/div>\n\n\n\n<p>Todos los <strong>documentos prestados a partir del d\u00eda 6 de junio<\/strong> se tendr\u00e1n que devolver, como m\u00e1ximo, el d\u00eda <strong>15 de septiembre.<\/strong><\/p>\n<\/div>\n<\/div>\n","protected":false},"excerpt":{"rendered":"<p>Modificaciones del horario de apertura en verano Queda poco por terminar el curso y se va acercando el verano, y como cada a\u00f1o por estas fechas, la biblioteca-CRAI modifica su horario de apertura. Hasta el viernes 16 de junio , la biblioteca estar\u00e1 abierta en su horario habitual, de 10 a 19h . Desde el [&hellip;]<\/p>\n","protected":false},"author":44,"featured_media":80899,"comment_status":"closed","ping_status":"open","sticky":false,"template":"","format":"standard","meta":{"_acf_changed":false,"_themeisle_gutenberg_block_has_review":false,"footnotes":""},"categories":[1316,1450,1456],"tags":[1327,1604],"class_list":["post-80910","post","type-post","status-publish","format-standard","has-post-thumbnail","hentry","category-biblioteca-crai-es","category-noticias-biblioteca-crai-esp","category-noticies-biblioteca-es","tag-biblioteca-es","tag-horarios"],"acf":[],"gutentor_comment":0,"publishpress_future_action":{"enabled":false,"date":"2026-05-06 18:13:41","action":"change-status","newStatus":"draft","terms":[],"taxonomy":"category","extraData":[]},"publishpress_future_workflow_manual_trigger":{"enabledWorkflows":[]},"_links":{"self":[{"href":"https:\/\/www.esmuc.cat\/es\/wp-json\/wp\/v2\/posts\/80910","targetHints":{"allow":["GET"]}}],"collection":[{"href":"https:\/\/www.esmuc.cat\/es\/wp-json\/wp\/v2\/posts"}],"about":[{"href":"https:\/\/www.esmuc.cat\/es\/wp-json\/wp\/v2\/types\/post"}],"author":[{"embeddable":true,"href":"https:\/\/www.esmuc.cat\/es\/wp-json\/wp\/v2\/users\/44"}],"replies":[{"embeddable":true,"href":"https:\/\/www.esmuc.cat\/es\/wp-json\/wp\/v2\/comments?post=80910"}],"version-history":[{"count":5,"href":"https:\/\/www.esmuc.cat\/es\/wp-json\/wp\/v2\/posts\/80910\/revisions"}],"predecessor-version":[{"id":80916,"href":"https:\/\/www.esmuc.cat\/es\/wp-json\/wp\/v2\/posts\/80910\/revisions\/80916"}],"wp:featuredmedia":[{"embeddable":true,"href":"https:\/\/www.esmuc.cat\/es\/wp-json\/wp\/v2\/media\/80899"}],"wp:attachment":[{"href":"https:\/\/www.esmuc.cat\/es\/wp-json\/wp\/v2\/media?parent=80910"}],"wp:term":[{"taxonomy":"category","embeddable":true,"href":"https:\/\/www.esmuc.cat\/es\/wp-json\/wp\/v2\/categories?post=80910"},{"taxonomy":"post_tag","embeddable":true,"href":"https:\/\/www.esmuc.cat\/es\/wp-json\/wp\/v2\/tags?post=80910"}],"curies":[{"name":"wp","href":"https:\/\/api.w.org\/{rel}","templated":true}]}}