{"id":66974,"date":"2022-11-08T14:14:26","date_gmt":"2022-11-08T13:14:26","guid":{"rendered":"https:\/\/www.esmuc.cat\/?p=66974"},"modified":"2023-03-14T11:29:07","modified_gmt":"2023-03-14T10:29:07","slug":"la-biblioteca-crai-esmuc-participa-en-la-jornada-ccuc-2022-proyectos-y-servicios-biblitecarios-cooperativos","status":"publish","type":"post","link":"https:\/\/www.esmuc.cat\/es\/la-biblioteca-crai-esmuc-participa-en-la-jornada-ccuc-2022-proyectos-y-servicios-biblitecarios-cooperativos\/","title":{"rendered":"La Biblioteca-CRAI ESMUC participa en la Jornada CCUC 2022: proyectos y servicios bibliotecarios cooperativos"},"content":{"rendered":"\n<h1 class=\"wp-block-heading\">La Biblioteca-CRAI ESMUC participa en la Jornada CCUC 2022: proyectos y servicios bibliotecarios cooperativos<\/h1>\n\n\n\n<div id=\"section-g9ace4a\" class=\"wp-block-gutentor-e6 section-g9ace4a gutentor-element gutentor-element-image text-align-center-desktop\"><div class=\"gutentor-element-image-box\"><div class=\"gutentor-image-thumb\"><img decoding=\"async\" class=\"normal-image\" src=\"http:\/\/www.esmuc.cat\/wp-content\/uploads\/2022\/11\/jornadaccuc.png\" alt=\"Jornadaccuc\" \/><\/div><\/div><\/div>\n\n\n\n<p>El pr\u00f3ximo martes 15 de noviembre tendr\u00e1 lugar una nueva edici\u00f3n de la jornada <a href=\"https:\/\/www.csuc.cat\/ca\/agenda\/jornada-ccuc-2022-projectes-i-serveis-bibliotecaris-cooperatius\">CCUC 2022: projectes i serveis bibliotecaris cooperatius<\/a>. En esta edici\u00f3n diferentes bibliotecas integradas en el <a href=\"https:\/\/www.csuc.cat\/ca\/serveis\/cataleg-collectiu-de-les-universitats-de-catalunya\" target=\"_blank\" rel=\"noreferrer noopener\">Cat\u00e0leg Col\u00b7lectiu de les Universitats de Catalunya<\/a>&nbsp;(CCUC) presentar\u00e1n sus nuevos servicios y proyectos, todos ellos vinculados a la cooperaci\u00f3n entre centros.<\/p>\n\n\n\n<p>En la jornada se presentar\u00e1n el <a href=\"http:\/\/www.macbarcelona.cat\/Recerca\/Biblioteca-del-MAC-Barcelona\" target=\"_blank\" rel=\"noreferrer noopener\">Centre de documentaci\u00f3-Biblioteca del Museu d&#8217;Arqueologia de Catalunya  MAC<\/a>, &nbsp;<a href=\"https:\/\/ajuntament.barcelona.cat\/sedac\/ca\" target=\"_blank\" rel=\"noreferrer noopener\">Servei de Documentaci\u00f3 i Acc\u00e9s al Coneixement (SEDAC) <\/a>del Ajuntament de Barcelona, <a href=\"https:\/\/www.macba.cat\/ca\/aprendre-investigar\/centre-estudis-documentacio\" target=\"_blank\" rel=\"noreferrer noopener\">Centre d&#8217;Estudis i Documentaci\u00f3 del MACBA<\/a> y el <a href=\"https:\/\/www.icab.cat\/ca\/biblioteca-centre-documentacio\/biblioteca\/\" target=\"_blank\" rel=\"noreferrer noopener\">Centre de Documentaci\u00f3-Biblioteca de l&#8217;Il\u00b7lustre Col\u00b7legi de l\u2019Advocacia de Barcelona<\/a>. <\/p>\n\n\n\n<p>Nuestra Biblioteca estar\u00e1 representada por la responsable, <strong>Montse Urp\u00ed<\/strong> y la t\u00e9cnica bibliotecaria <strong>Soledad S\u00e1nchez<\/strong>, con una sesi\u00f3n titulada <em>La biblioteca ressona: fons musicals de la Biblioteca-CRAI ESMUC a l&#8217;abast de les universitats catalanes<\/em>. Esta ser\u00e1 una exelente ocasi\u00f3n para dar mayor visibilidad a los recursos, servicios y actividades de la Biblioteca y tambi\u00e9n para potenciar las relaciones interbibliotecarias.&nbsp; &nbsp;<\/p>\n","protected":false},"excerpt":{"rendered":"<p>La Biblioteca-CRAI ESMUC participar\u00e1 en las Jornadas CCuC 2022 con la comunicaci\u00f3n \u201cLa biblioteca ressona: fons musicals de la Biblioteca-CRAI ESMuC a l\u2019abast de les universitats catalanes\u201d<\/p>\n","protected":false},"author":5,"featured_media":67066,"comment_status":"closed","ping_status":"open","sticky":false,"template":"","format":"standard","meta":{"_acf_changed":false,"_themeisle_gutenberg_block_has_review":false,"footnotes":""},"categories":[1455,1316,1081,1450,1456],"tags":[1327],"class_list":["post-66974","post","type-post","status-publish","format-standard","has-post-thumbnail","hentry","category-biblio-noticia-principal-es","category-biblioteca-crai-es","category-noticia-es","category-noticias-biblioteca-crai-esp","category-noticies-biblioteca-es","tag-biblioteca-es"],"acf":[],"gutentor_comment":0,"publishpress_future_action":{"enabled":false,"date":"2026-05-06 18:13:49","action":"change-status","newStatus":"draft","terms":[],"taxonomy":"category","extraData":[]},"publishpress_future_workflow_manual_trigger":{"enabledWorkflows":[]},"_links":{"self":[{"href":"https:\/\/www.esmuc.cat\/es\/wp-json\/wp\/v2\/posts\/66974","targetHints":{"allow":["GET"]}}],"collection":[{"href":"https:\/\/www.esmuc.cat\/es\/wp-json\/wp\/v2\/posts"}],"about":[{"href":"https:\/\/www.esmuc.cat\/es\/wp-json\/wp\/v2\/types\/post"}],"author":[{"embeddable":true,"href":"https:\/\/www.esmuc.cat\/es\/wp-json\/wp\/v2\/users\/5"}],"replies":[{"embeddable":true,"href":"https:\/\/www.esmuc.cat\/es\/wp-json\/wp\/v2\/comments?post=66974"}],"version-history":[{"count":5,"href":"https:\/\/www.esmuc.cat\/es\/wp-json\/wp\/v2\/posts\/66974\/revisions"}],"predecessor-version":[{"id":76366,"href":"https:\/\/www.esmuc.cat\/es\/wp-json\/wp\/v2\/posts\/66974\/revisions\/76366"}],"wp:featuredmedia":[{"embeddable":true,"href":"https:\/\/www.esmuc.cat\/es\/wp-json\/wp\/v2\/media\/67066"}],"wp:attachment":[{"href":"https:\/\/www.esmuc.cat\/es\/wp-json\/wp\/v2\/media?parent=66974"}],"wp:term":[{"taxonomy":"category","embeddable":true,"href":"https:\/\/www.esmuc.cat\/es\/wp-json\/wp\/v2\/categories?post=66974"},{"taxonomy":"post_tag","embeddable":true,"href":"https:\/\/www.esmuc.cat\/es\/wp-json\/wp\/v2\/tags?post=66974"}],"curies":[{"name":"wp","href":"https:\/\/api.w.org\/{rel}","templated":true}]}}