{"id":41910,"date":"2022-02-15T15:10:48","date_gmt":"2022-02-15T14:10:48","guid":{"rendered":"https:\/\/www.esmuc.cat\/la-biblioteca-fa-20-anys-dhistoria\/"},"modified":"2022-09-13T18:10:31","modified_gmt":"2022-09-13T16:10:31","slug":"la-biblioteca-celebra-20-anos","status":"publish","type":"post","link":"https:\/\/www.esmuc.cat\/es\/la-biblioteca-celebra-20-anos\/","title":{"rendered":"La Biblioteca celebra sus 20 a\u00f1os"},"content":{"rendered":"\n<h1 class=\"has-text-align-center wp-block-heading\" id=\"la-biblioteca-fa-20-anys-d-historia\">La Biblioteca celebra sus 20 a\u00f1os<\/h1>\n\n\n\n<p class=\"has-white-color has-text-color\">.<\/p>\n\n\n\n<p>Es momento de conmemorar los veinte a\u00f1os desde que la ESMUC abri\u00f3 sus puertas para ofrecer a la ciudadan\u00eda estudios musicales especializados. Desde sus inicios, la Biblioteca jug\u00f3 un papel fundamental. La escuela necesitaba una biblioteca especializada en m\u00fasica, por tanto, se cre\u00f3 la que actualmente es una de las bibliotecas musicales m\u00e1s destacadas de todo el estado. As\u00ed es como <strong>la Biblioteca-CRAI de la ESMUC tambi\u00e9n celebra sus primeros 20 a\u00f1os<\/strong>.<\/p>\n\n\n\n<p>El proyecto de Biblioteca se inici\u00f3 desde cero, a cargo de una \u00fanica bibliotecaria; la actual directora, <strong>Montserrat Urp\u00ed<\/strong>. Se necesitaba un fondo general y especializado, infraestructuras, personal y servicios muy espec\u00edficos que pudieran satisfacer las necesidades de alumnos, profesores e investigadores. Por este motivo, las primeras decisiones relativas a los fondos se tomaron en funci\u00f3n de las sugerencias y demandas informativas y documentales de la comunidad docente de la escuela.<\/p>\n\n\n\n<p>El <strong>fondo inicial<\/strong> se conform\u00f3 con la adquisici\u00f3n de bibliograf\u00eda de referencia general en todos los formatos: partituras, libros, enciclopedias, cat\u00e1logos, revistas especializadas y una colecci\u00f3n b\u00e1sica de CD, DVD y VHS.<\/p>\n\n\n\n<p class=\"has-white-color has-text-color\">.<\/p>\n\n\n\n<div class=\"wp-block-image is-style-default\"><figure class=\"aligncenter size-full is-resized\"><img decoding=\"async\" src=\"http:\/\/www.esmuc.cat\/wp-content\/uploads\/2022\/02\/2.jpeg\" alt=\"2\" class=\"wp-image-28898\" width=\"590\" height=\"407\"\/><figcaption>La Biblioteca a Berenguer de Palou (2001)<\/figcaption><\/figure><\/div>\n\n\n\n<p class=\"has-white-color has-text-color\">.<\/p>\n\n\n\n<p>Cabe recordar que la ESMUC y su biblioteca se situaron provisionalmente (y durante cuatro a\u00f1os) en las instalaciones de lo que fuera un instituto, en la Sagrera. La biblioteca de este instituto se divid\u00eda en dos plantas y se aprovech\u00f3 su mobiliario, adecuando el espacio con dispositivos de seguridad para evitar la sustracci\u00f3n de documentos y material del fondo. El espacio se distribuy\u00f3 entre puntos de lectura o consulta, reproductores de audio y v\u00eddeo y ordenadores.<\/p>\n\n\n\n<p>Como dec\u00edamos, la Biblioteca se inaugur\u00f3 con una \u00fanica bibliotecaria. Hoy en d\u00eda su equipo est\u00e1 integrado por tres bibliotecarios\/as y dos auxiliares. El traslado de la Escuela y la Biblioteca a la sede del Auditori permiti\u00f3 tambi\u00e9n ampliar la cantidad de puntos para la lectura y consulta, el n\u00famero de ordenadores y el espacio del dep\u00f3sito y se a\u00f1adi\u00f3 la m\u00e1quina de auto-pr\u00e9stamo, para garantizar la autonom\u00eda de los usuarios en el funcionamiento y uso de la Biblioteca.<\/p>\n\n\n\n<p>Actualmente, adem\u00e1s de los <strong>servicios b\u00e1sicos<\/strong> (atenci\u00f3n al usuario, pr\u00e9stamo, pr\u00e9stamo interbibliotecario, <a href=\"https:\/\/www.esmuc.cat\/serveis\/biblioteca-crai\/serveis-biblioteca\/formacio-usuaris-i-usuaries\/\">formaci\u00f3n a los usuarios<\/a>, subscripci\u00f3n a revistas y bases de datos especializadas), la biblioteca colabora en <strong>la divulgaci\u00f3n de la actividad de la comunidad ESMUC<\/strong>.<\/p>\n\n\n\n<p class=\"has-white-color has-text-color\">.<\/p>\n\n\n\n<div class=\"wp-block-columns is-layout-flex wp-container-core-columns-is-layout-9d6595d7 wp-block-columns-is-layout-flex\">\n<div class=\"wp-block-column is-layout-flow wp-block-column-is-layout-flow\">\n<div id=\"section-ga078ba\" class=\"wp-block-gutentor-e6 section-ga078ba gutentor-element gutentor-element-image\"><div class=\"gutentor-element-image-box\"><div class=\"gutentor-image-thumb\"><img decoding=\"async\" class=\"normal-image\" src=\"http:\/\/www.esmuc.cat\/wp-content\/uploads\/2022\/02\/10.jpeg\" alt=\"10\" \/><\/div><\/div><\/div>\n\n\n\n<p class=\"has-text-align-center has-small-font-size\">Mostrador (2001)<\/p>\n<\/div>\n\n\n\n<div class=\"wp-block-column is-layout-flow wp-block-column-is-layout-flow\">\n<div id=\"section-gf75d25\" class=\"wp-block-gutentor-e6 section-gf75d25 gutentor-element gutentor-element-image\"><div class=\"gutentor-element-image-box\"><div class=\"gutentor-image-thumb\"><img decoding=\"async\" class=\"normal-image\" src=\"http:\/\/www.esmuc.cat\/wp-content\/uploads\/2022\/02\/7.jpeg\" alt=\"7\" \/><\/div><\/div><\/div>\n\n\n\n<p class=\"has-text-align-center has-small-font-size\">Traslado (2004)<\/p>\n<\/div>\n<\/div>\n\n\n\n<div class=\"wp-block-columns is-layout-flex wp-container-core-columns-is-layout-9d6595d7 wp-block-columns-is-layout-flex\">\n<div class=\"wp-block-column is-layout-flow wp-block-column-is-layout-flow\">\n<div id=\"section-g4cdb84\" class=\"wp-block-gutentor-e6 section-g4cdb84 gutentor-element gutentor-element-image\"><div class=\"gutentor-element-image-box\"><div class=\"gutentor-image-thumb\"><img decoding=\"async\" class=\"normal-image\" src=\"http:\/\/www.esmuc.cat\/wp-content\/uploads\/2022\/02\/image-1.png\" alt=\"Image (1)\" \/><\/div><\/div><\/div>\n\n\n\n<p class=\"has-text-align-center has-small-font-size\">M\u00e1quina de autopr\u00e9stamo (2008)<\/p>\n<\/div>\n\n\n\n<div class=\"wp-block-column is-layout-flow wp-block-column-is-layout-flow\">\n<div id=\"section-g81ddc2\" class=\"wp-block-gutentor-e6 section-g81ddc2 gutentor-element gutentor-element-image gutentor-enabled-width\"><div class=\"gutentor-element-image-box\"><div class=\"gutentor-image-thumb\"><img decoding=\"async\" class=\"normal-image\" src=\"http:\/\/www.esmuc.cat\/wp-content\/uploads\/2022\/02\/image-2.png\" alt=\"Image (2)\" \/><\/div><\/div><\/div>\n\n\n\n<p class=\"has-text-align-center has-small-font-size\">M\u00e1quina de autopr\u00e9stamo (2022)<\/p>\n<\/div>\n<\/div>\n\n\n\n<p class=\"has-white-color has-text-color\">.<\/p>\n\n\n\n<p><strong>Son 20 a\u00f1os de trayectoria de la Biblioteca-CRAI ESMUC<\/strong>; 20 a\u00f1os ofreciendo servicios dirigidos a toda la comunidad de la escuela y a los profesionales del \u00e1mbito musical. Esperamos que sean muchos m\u00e1s cumpliendo nuestra misi\u00f3n: <strong>dar sporte al estudio, la docencia, la investigaci\u00f3n y el trabajo art\u00edstico desarrollado en la escuela.<\/strong><\/p>\n","protected":false},"excerpt":{"rendered":"<p>La Biblioteca tambi\u00e9n celebra sus 20 a\u00f1os haciendo un repaso de su trayectoria. <\/p>\n","protected":false},"author":5,"featured_media":28918,"comment_status":"closed","ping_status":"open","sticky":false,"template":"","format":"standard","meta":{"_acf_changed":false,"_themeisle_gutenberg_block_has_review":false,"footnotes":""},"categories":[1316,1450,1456],"tags":[1327,1416],"class_list":["post-41910","post","type-post","status-publish","format-standard","has-post-thumbnail","hentry","category-biblioteca-crai-es","category-noticias-biblioteca-crai-esp","category-noticies-biblioteca-es","tag-biblioteca-es","tag-esmuc-20-anys-es"],"acf":[],"gutentor_comment":0,"publishpress_future_action":{"enabled":false,"date":"2026-05-06 18:13:57","action":"change-status","newStatus":"draft","terms":[],"taxonomy":"category","extraData":[]},"publishpress_future_workflow_manual_trigger":{"enabledWorkflows":[]},"_links":{"self":[{"href":"https:\/\/www.esmuc.cat\/es\/wp-json\/wp\/v2\/posts\/41910","targetHints":{"allow":["GET"]}}],"collection":[{"href":"https:\/\/www.esmuc.cat\/es\/wp-json\/wp\/v2\/posts"}],"about":[{"href":"https:\/\/www.esmuc.cat\/es\/wp-json\/wp\/v2\/types\/post"}],"author":[{"embeddable":true,"href":"https:\/\/www.esmuc.cat\/es\/wp-json\/wp\/v2\/users\/5"}],"replies":[{"embeddable":true,"href":"https:\/\/www.esmuc.cat\/es\/wp-json\/wp\/v2\/comments?post=41910"}],"version-history":[{"count":9,"href":"https:\/\/www.esmuc.cat\/es\/wp-json\/wp\/v2\/posts\/41910\/revisions"}],"predecessor-version":[{"id":59376,"href":"https:\/\/www.esmuc.cat\/es\/wp-json\/wp\/v2\/posts\/41910\/revisions\/59376"}],"wp:featuredmedia":[{"embeddable":true,"href":"https:\/\/www.esmuc.cat\/es\/wp-json\/wp\/v2\/media\/28918"}],"wp:attachment":[{"href":"https:\/\/www.esmuc.cat\/es\/wp-json\/wp\/v2\/media?parent=41910"}],"wp:term":[{"taxonomy":"category","embeddable":true,"href":"https:\/\/www.esmuc.cat\/es\/wp-json\/wp\/v2\/categories?post=41910"},{"taxonomy":"post_tag","embeddable":true,"href":"https:\/\/www.esmuc.cat\/es\/wp-json\/wp\/v2\/tags?post=41910"}],"curies":[{"name":"wp","href":"https:\/\/api.w.org\/{rel}","templated":true}]}}