{"id":41909,"date":"2021-06-23T20:47:00","date_gmt":"2021-06-23T18:47:00","guid":{"rendered":"https:\/\/www.esmuc.cat\/musica-sota-perspectiva-de-genere\/"},"modified":"2023-03-15T15:32:44","modified_gmt":"2023-03-15T14:32:44","slug":"musica-sota-perspectiva-de-genere","status":"publish","type":"post","link":"https:\/\/www.esmuc.cat\/es\/musica-sota-perspectiva-de-genere\/","title":{"rendered":"M\u00fasica con perspectiva de g\u00e9nero"},"content":{"rendered":"\n<h2 class=\"wp-block-heading\">M\u00fasica con perspectiva de g\u00e9nero &#8211; 305:78<\/h2>\n\n\n\n<p>La sociedad evoluciona m\u00e1s r\u00e1pidamente que las leyes, normas o directrices. Y la clasificaci\u00f3n que se aplica en las bibliotecas (en nuestro \u00e1mbito, la Clasificaci\u00f3n Decimal Universal) no escapa a esta premisa.<\/p>\n\n\n\n<p>Hasta este curso en la Biblioteca-CRAI, todos los libros que hablaban de la m\u00fasica realizada (compuesta, interpretada\u2026) por mujeres se clasificaban siguiendo la norma: en la clasificaci\u00f3n de m\u00fasica, &#8220;78&#8221;, se a\u00f1ad\u00eda una designaci\u00f3n auxiliar &#8220;-055.2&#8221;. En caso de ser un ensayo sobre m\u00fasica hecha por personas homosexuales y transg\u00e9nero, se aplicaba otro auxiliar, &#8220;-055.3&#8221; (habiendo una confusi\u00f3n clara entre g\u00e9nero y orientaci\u00f3n).<\/p>\n\n\n\n<p>Eso s\u00ed, el g\u00e9nero masculino iba antes (&#8220;055.1&#8221;). Esta jerarqu\u00eda ya no tiene sentido, ni corresponde a la realidad tal y como la entendemos actualmente. Y as\u00ed nos lo hicieron saber el&nbsp;<strong>Grup d&#8217;Equitat Compositiva de la ESMUC<\/strong>&nbsp;(que comparten integrantes con el&nbsp;<strong><a href=\"https:\/\/www.facebook.com\/Collectiu-feminista-ESMUC-693028854413016\/\" target=\"_blank\" rel=\"noreferrer noopener\">Col\u00b7lectiu Feminista de l&#8217;ESMUC<\/a><\/strong>).<\/p>\n\n\n\n<p>Varias conversaciones con el Grup d&#8217;Equitat condujeron a una soluci\u00f3n m\u00e1s igualitaria, integradora y amplia para la diversidad de g\u00e9nero y sexual, aplicando el n\u00famero 305 (<strong>Estudios de g\u00e9nero<\/strong>) existente en la Clasificaci\u00f3n Decimal Universal.<\/p>\n\n\n\n<p>Aunque el n\u00famero 305 s\u00f3lo hace referencia al g\u00e9nero, desde la Biblioteca-CRAI hemos querido agrupar en este caj\u00f3n tem\u00e1tico los siguientes aspectos: orientaci\u00f3n sexual y de identidad y\/o expresi\u00f3n de g\u00e9nero.<\/p>\n\n\n\n<p>Otra ventaja de este cambio es que agrupa tanto los libros generales como los espec\u00edficos de un estilo, g\u00e9nero musical o un momento hist\u00f3rico que lo traten bajo una perspectiva de g\u00e9nero, identidad u orientaci\u00f3n. As\u00ed, que en esta secci\u00f3n encontrar\u00e1s tambi\u00e9n \u00f3pera, flamenco, m\u00fasica moderna o m\u00fasica del XIX,\u2026 Eso s\u00ed, siempre debajo o desde una perspectiva de g\u00e9nero y orientaci\u00f3n sexual.<\/p>\n\n\n\n<div style=\"height:59px\" aria-hidden=\"true\" class=\"wp-block-spacer\"><\/div>\n","protected":false},"excerpt":{"rendered":"<p>Nueva secci\u00f3n de la Biblioteca-CRAI, que se sintoniza con la realidad tal como la entendemos actualmente respecto a la igualdad y sensibilizaci\u00f3n en t\u00e9rminos de g\u00e9nero. <\/p>\n","protected":false},"author":5,"featured_media":20065,"comment_status":"closed","ping_status":"open","sticky":false,"template":"","format":"standard","meta":{"_acf_changed":false,"_themeisle_gutenberg_block_has_review":false,"footnotes":""},"categories":[1316,1565,1450,1456],"tags":[1327,1420,1553],"class_list":["post-41909","post","type-post","status-publish","format-standard","has-post-thumbnail","hentry","category-biblioteca-crai-es","category-inclusio","category-noticias-biblioteca-crai-esp","category-noticies-biblioteca-es","tag-biblioteca-es","tag-genero","tag-musica-i-dones-es"],"acf":[],"gutentor_comment":0,"publishpress_future_action":{"enabled":false,"date":"2026-05-06 18:13:39","action":"change-status","newStatus":"draft","terms":[],"taxonomy":"category","extraData":[]},"publishpress_future_workflow_manual_trigger":{"enabledWorkflows":[]},"_links":{"self":[{"href":"https:\/\/www.esmuc.cat\/es\/wp-json\/wp\/v2\/posts\/41909","targetHints":{"allow":["GET"]}}],"collection":[{"href":"https:\/\/www.esmuc.cat\/es\/wp-json\/wp\/v2\/posts"}],"about":[{"href":"https:\/\/www.esmuc.cat\/es\/wp-json\/wp\/v2\/types\/post"}],"author":[{"embeddable":true,"href":"https:\/\/www.esmuc.cat\/es\/wp-json\/wp\/v2\/users\/5"}],"replies":[{"embeddable":true,"href":"https:\/\/www.esmuc.cat\/es\/wp-json\/wp\/v2\/comments?post=41909"}],"version-history":[{"count":4,"href":"https:\/\/www.esmuc.cat\/es\/wp-json\/wp\/v2\/posts\/41909\/revisions"}],"predecessor-version":[{"id":76431,"href":"https:\/\/www.esmuc.cat\/es\/wp-json\/wp\/v2\/posts\/41909\/revisions\/76431"}],"wp:featuredmedia":[{"embeddable":true,"href":"https:\/\/www.esmuc.cat\/es\/wp-json\/wp\/v2\/media\/20065"}],"wp:attachment":[{"href":"https:\/\/www.esmuc.cat\/es\/wp-json\/wp\/v2\/media?parent=41909"}],"wp:term":[{"taxonomy":"category","embeddable":true,"href":"https:\/\/www.esmuc.cat\/es\/wp-json\/wp\/v2\/categories?post=41909"},{"taxonomy":"post_tag","embeddable":true,"href":"https:\/\/www.esmuc.cat\/es\/wp-json\/wp\/v2\/tags?post=41909"}],"curies":[{"name":"wp","href":"https:\/\/api.w.org\/{rel}","templated":true}]}}